{"id":167,"date":"2023-07-25T09:28:20","date_gmt":"2023-07-25T09:28:20","guid":{"rendered":"https:\/\/arrotxae.org\/?p=167"},"modified":"2023-07-25T13:57:44","modified_gmt":"2023-07-25T13:57:44","slug":"hello-world-3","status":"publish","type":"post","link":"https:\/\/arrotxae.org\/?p=167","title":{"rendered":"Nueva Comunidad Energ\u00e9tica de la Rochapea"},"content":{"rendered":"<p>[et_pb_section fb_built=&#8221;1&#8243; admin_label=&#8221;Header&#8221; _builder_version=&#8221;4.21.0&#8243; background_enable_color=&#8221;off&#8221; background_image=&#8221;https:\/\/arrotxae.org\/wp-content\/uploads\/2023\/07\/green-energy-38.png&#8221; custom_margin=&#8221;|||||&#8221; custom_padding=&#8221;||0px|||&#8221; background_last_edited=&#8221;on|tablet&#8221; use_background_color_gradient_tablet=&#8221;on&#8221; background_color_gradient_stops_tablet=&#8221;#f7f7f7 100%|#ffffff 100%&#8221; background_color_gradient_start_position_tablet=&#8221;100%&#8221; locked=&#8221;off&#8221; global_colors_info=&#8221;{}&#8221;][et_pb_row column_structure=&#8221;1_2,1_2&#8243; custom_padding_last_edited=&#8221;on|phone&#8221; padding_left_right_link_1=&#8221;false&#8221; _builder_version=&#8221;4.16&#8243; background_image=&#8221;https:\/\/arrotxae.org\/wp-content\/uploads\/2023\/07\/green-energy-20.png&#8221; background_size=&#8221;initial&#8221; background_position=&#8221;top_left&#8221; custom_margin=&#8221;||&#8221; custom_padding=&#8221;|||20px&#8221; custom_padding_tablet=&#8221;&#8221; custom_padding_phone=&#8221;|||0px&#8221; global_colors_info=&#8221;{}&#8221;][et_pb_column type=&#8221;1_2&#8243; _builder_version=&#8221;4.16&#8243; background_repeat=&#8221;repeat&#8221; custom_padding=&#8221;|||&#8221; custom_padding_phone=&#8221;|||0px&#8221; custom_padding_last_edited=&#8221;off|phone&#8221; global_colors_info=&#8221;{}&#8221; custom_padding__hover=&#8221;|||&#8221;][et_pb_text _builder_version=&#8221;4.21.0&#8243; text_font=&#8221;||||||||&#8221; text_font_size=&#8221;20px&#8221; text_line_height=&#8221;1.8em&#8221; header_font=&#8221;Bitter||||||||&#8221; header_font_size=&#8221;60px&#8221; header_line_height=&#8221;1.3em&#8221; custom_margin=&#8221;||&#8221; hover_enabled=&#8221;0&#8243; text_font_size_tablet=&#8221;&#8221; text_font_size_phone=&#8221;14px&#8221; text_font_size_last_edited=&#8221;on|desktop&#8221; header_font_size_tablet=&#8221;50px&#8221; header_font_size_phone=&#8221;30px&#8221; header_font_size_last_edited=&#8221;on|phone&#8221; global_colors_info=&#8221;{}&#8221; sticky_enabled=&#8221;0&#8243;]<\/p>\n<h1><span style=\"color: #4359e9;\">Nueva <\/span>Comunidad Energ\u00e9tica de la Rochapea<\/h1>\n<h2 class=\"article-subtitle headline-article__subtitle\">Tras un proceso participativo de ocho meses, ayer se present\u00f3 Arrotxa-E<\/h2>\n<p>[\/et_pb_text][\/et_pb_column][et_pb_column type=&#8221;1_2&#8243; _builder_version=&#8221;4.16&#8243; custom_padding=&#8221;|||&#8221; global_colors_info=&#8221;{}&#8221; custom_padding__hover=&#8221;|||&#8221;][et_pb_image src=&#8221;https:\/\/arrotxae.org\/wp-content\/uploads\/2023\/07\/green-energy-23.png&#8221; align=&#8221;center&#8221; _builder_version=&#8221;4.16&#8243; custom_margin=&#8221;||-110px&#8221; global_colors_info=&#8221;{}&#8221;][\/et_pb_image][\/et_pb_column][\/et_pb_row][\/et_pb_section][et_pb_section fb_built=&#8221;1&#8243; admin_label=&#8221;Blog&#8221; _builder_version=&#8221;4.21.0&#8243; custom_padding=&#8221;90px|||||&#8221; locked=&#8221;off&#8221; global_colors_info=&#8221;{}&#8221;][et_pb_row _builder_version=&#8221;4.21.0&#8243; width=&#8221;90%&#8221; max_width=&#8221;1600px&#8221; module_alignment=&#8221;left&#8221; custom_padding=&#8221;|10%||10%|false|false&#8221; global_colors_info=&#8221;{}&#8221;][et_pb_column type=&#8221;4_4&#8243; _builder_version=&#8221;4.16&#8243; custom_padding=&#8221;|||&#8221; global_colors_info=&#8221;{}&#8221; custom_padding__hover=&#8221;|||&#8221;][et_pb_text _builder_version=&#8221;4.21.0&#8243; _module_preset=&#8221;default&#8221; hover_enabled=&#8221;0&#8243; global_colors_info=&#8221;{}&#8221; sticky_enabled=&#8221;0&#8243;]<\/p>\n<p>Civivox Jus la Rocha acogi\u00f3 ayer la sesi\u00f3n de presentaci\u00f3n de Arrotxa-E, la Comunidad Energ\u00e9tica de la Rochapea, la segunda que se crea en la ciudad tras la constituida en Mendillorri. Impulsada por el Ayuntamiento de Pamplona, con la participaci\u00f3n del propio barrio, se present\u00f3 en una sesi\u00f3n abierta a cualquier persona, entidad o asociaci\u00f3n interesada.<\/p>\n<p>El 15 de noviembre de 2022, se puso en marcha esta iniciativa con una sesi\u00f3n informativa en ese mismo civivox, que sirvi\u00f3 como punto de partida del proceso participativo para constituir la comunidad energ\u00e9tica. Entre los meses de enero y marzo, se han venido realizando una serie de sesiones formativas, abarcando aspectos como el autoconsumo, la gobernanza y forma jur\u00eddica, as\u00ed como ejemplos de buenas pr\u00e1cticas.<\/p>\n<p>Desde marzo hasta ahora, el grupo motor del barrio ha estado trabajando en la forma jur\u00eddica, los estatutos o las bases del plan de negocio para conformar esta propuesta de comunidad energ\u00e9tica.<\/p>\n<p><a href=\"https:\/\/www.noticiasdenavarra.com\/pamplona\/2023\/06\/16\/nueva-comunidad-energetica-rochapea-6934765.html\" target=\"_blank\" rel=\"noopener\">https:\/\/www.noticiasdenavarra.com\/pamplona\/2023\/06\/16\/nueva-comunidad-energetica-rochapea-6934765.html<\/a><\/p>\n<p><a href=\"https:\/\/www.diariodenavarra.es\/noticias\/navarra\/pamplona-comarca\/2023\/06\/16\/comunidad-energetica-rochapea-realidad-8-meses-572322-1002.html\" target=\"_blank\" rel=\"noopener\">https:\/\/www.diariodenavarra.es\/noticias\/navarra\/pamplona-comarca\/2023\/06\/16\/comunidad-energetica-rochapea-realidad-8-meses-572322-1002.html<\/a><\/p>\n<p>[\/et_pb_text][et_pb_image src=&#8221;https:\/\/arrotxae.org\/wp-content\/uploads\/2023\/07\/4e3bd55c-7560-4c62-a61a-974788fa01cf_16-9-aspect-ratio_default_0.jpg&#8221; _builder_version=&#8221;4.21.0&#8243; _module_preset=&#8221;default&#8221; title_text=&#8221;4e3bd55c-7560-4c62-a61a-974788fa01cf_16-9-aspect-ratio_default_0&#8243; hover_enabled=&#8221;0&#8243; sticky_enabled=&#8221;0&#8243;][\/et_pb_image][\/et_pb_column][\/et_pb_row][\/et_pb_section]<\/p>\n","protected":false},"excerpt":{"rendered":"<p>Nueva Comunidad Energ\u00e9tica de la Rochapea Tras un proceso participativo de ocho meses, ayer se present\u00f3 Arrotxa-ECivivox Jus la Rocha acogi\u00f3 ayer la sesi\u00f3n de presentaci\u00f3n de Arrotxa-E, la Comunidad Energ\u00e9tica de la Rochapea, la segunda que se crea en la ciudad tras la constituida en Mendillorri. Impulsada por el Ayuntamiento de Pamplona, con la [&hellip;]<\/p>\n","protected":false},"author":1,"featured_media":189,"comment_status":"open","ping_status":"open","sticky":false,"template":"","format":"standard","meta":{"_et_pb_use_builder":"on","_et_pb_old_content":"","_et_gb_content_width":"2880"},"categories":[1],"tags":[],"_links":{"self":[{"href":"https:\/\/arrotxae.org\/index.php?rest_route=\/wp\/v2\/posts\/167"}],"collection":[{"href":"https:\/\/arrotxae.org\/index.php?rest_route=\/wp\/v2\/posts"}],"about":[{"href":"https:\/\/arrotxae.org\/index.php?rest_route=\/wp\/v2\/types\/post"}],"author":[{"embeddable":true,"href":"https:\/\/arrotxae.org\/index.php?rest_route=\/wp\/v2\/users\/1"}],"replies":[{"embeddable":true,"href":"https:\/\/arrotxae.org\/index.php?rest_route=%2Fwp%2Fv2%2Fcomments&post=167"}],"version-history":[{"count":8,"href":"https:\/\/arrotxae.org\/index.php?rest_route=\/wp\/v2\/posts\/167\/revisions"}],"predecessor-version":[{"id":197,"href":"https:\/\/arrotxae.org\/index.php?rest_route=\/wp\/v2\/posts\/167\/revisions\/197"}],"wp:featuredmedia":[{"embeddable":true,"href":"https:\/\/arrotxae.org\/index.php?rest_route=\/wp\/v2\/media\/189"}],"wp:attachment":[{"href":"https:\/\/arrotxae.org\/index.php?rest_route=%2Fwp%2Fv2%2Fmedia&parent=167"}],"wp:term":[{"taxonomy":"category","embeddable":true,"href":"https:\/\/arrotxae.org\/index.php?rest_route=%2Fwp%2Fv2%2Fcategories&post=167"},{"taxonomy":"post_tag","embeddable":true,"href":"https:\/\/arrotxae.org\/index.php?rest_route=%2Fwp%2Fv2%2Ftags&post=167"}],"curies":[{"name":"wp","href":"https:\/\/api.w.org\/{rel}","templated":true}]}}